{"id":18749,"date":"2023-12-06T12:58:48","date_gmt":"2023-12-06T11:58:48","guid":{"rendered":"https:\/\/www.orfix.com\/?p=18749"},"modified":"2023-12-07T11:03:48","modified_gmt":"2023-12-07T10:03:48","slug":"changement-de-proprietaire-chez-orfix-international-gmbh","status":"publish","type":"post","link":"https:\/\/www.orfix.com\/fr\/nouvelles\/changement-de-proprietaire-chez-orfix-international-gmbh\/","title":{"rendered":"Changement de propri\u00e9taire chez orfix International GmbH"},"content":{"rendered":"\n<p>Dans le cadre du plan de succession r\u00e9ussi, orfix International GmbH a \u00e9t\u00e9 reprise en novembre par la soci\u00e9t\u00e9 suisse NICONI AG, repr\u00e9sent\u00e9e par son propri\u00e9taire unique, M. Ingolf Planer.<\/p>\n\n\n\n<p>Nous sommes tr\u00e8s heureux car cette r\u00e9organisation de la structure de l\u2019actionnariat jette les bases d\u2019une concentration optimale sur les exigences de nos partenaires commerciaux et sur la poursuite de la croissance strat\u00e9gique du groupe orfix.<\/p>\n\n\n\n<p>Les faits les plus importants pour vous en tant que clients et partenaires :<\/p>\n\n\n\n<p><strong>Orfix reste Orfix !<\/strong><\/p>\n\n\n\n<ul class=\"wp-block-list\">\n<li>Vos contacts, le haut niveau d\u2019orientation client et la compr\u00e9hension distinctive de la qualit\u00e9 resteront inchang\u00e9s<\/li>\n\n\n\n<li>\u00c9largissement de la gamme de services en fonction des besoins de nos clients<\/li>\n\n\n\n<li>Engagement \u00e0 cent pour cent en faveur de l\u2019investissement et du d\u00e9veloppement<\/li>\n\n\n\n<li>Poursuite de l\u2019expansion de la pr\u00e9sence europ\u00e9enne du groupe orfix afin d\u2019\u00eatre encore plus proche de nos clients<\/li>\n\n\n\n<li>Un engagement clair envers nos sites de production actuels en Europe<\/li>\n<\/ul>\n\n\n\n<p>L\u2019ensemble du personnel sera repris et le si\u00e8ge de l\u2019entreprise restera \u00e0 Radbruch, pr\u00e8s de Hambourg. Les interlocuteurs et les sites des filiales d\u2019orfix en France, en Italie, en Pologne et en Serbie restent \u00e9galement inchang\u00e9s.<\/p>\n\n\n\n<p>M. Ingolf Planer rejoindra l\u2019\u00e9quipe de direction en janvier 2024 aux c\u00f4t\u00e9s de notre directeur g\u00e9n\u00e9ral, M. Ralf Conrad.<\/p>\n\n\n\n<p>Gr\u00e2ce \u00e0 cette strat\u00e9gie d\u2019avenir que nous avons maintenant adopt\u00e9e, nous sommes convaincus que nous serons en mesure de r\u00e9pondre encore mieux \u00e0 vos besoins et de renforcer encore notre partenariat.<\/p>\n\n\n\n<p>Nous sommes impatients de poursuivre et d\u2019intensifier notre relation d\u2019affaires&nbsp;!<\/p>\n\n\n<div class=\"wp-bootstrap-blocks-container container mb-2 custom_container custom_container--small\">\n\t\n<div class=\"wp-bootstrap-blocks-row row\">\n\t\n\n<div class=\"col-12\">\n\t\t\t\t<\/div>\n\n<\/div>\n\n<\/div>\n\n\n\n<div style=\"height:20px\" aria-hidden=\"true\" class=\"wp-block-spacer\"><\/div>\n\n\n\n<figure class=\"wp-block-image size-full\"><img loading=\"lazy\" decoding=\"async\" width=\"2048\" height=\"600\" src=\"https:\/\/www.orfix.com\/wp-content\/uploads\/2024\/05\/orfix-Karte-2025-en.jpg\" alt=\"\" class=\"wp-image-32957\" srcset=\"https:\/\/www.orfix.com\/wp-content\/uploads\/2024\/05\/orfix-Karte-2025-en.jpg 2048w, https:\/\/www.orfix.com\/wp-content\/uploads\/2024\/05\/orfix-Karte-2025-en-768x225.jpg 768w, https:\/\/www.orfix.com\/wp-content\/uploads\/2024\/05\/orfix-Karte-2025-en-1536x450.jpg 1536w\" sizes=\"auto, (max-width: 2048px) 100vw, 2048px\" \/><\/figure>\n\n\n\n<p class=\"has-medium-font-size\">Nous serions heureux de vous conseiller individuellement !<br><strong>Votre partenaire comp\u00e9tent avec une gamme compl\u00e8te pour tous ceux qui comptent, emballe, transporte ou stocke de l&#8217;argent liquide.<\/strong><\/p>\n\n\n\n<div style=\"height:20px\" aria-hidden=\"true\" class=\"wp-block-spacer\"><\/div>\n\n\n\n<div class=\"wp-block-buttons cta-banner-content__item is-layout-flex wp-block-buttons-is-layout-flex\">\n<div class=\"wp-block-button is-style-outline is-style-outline--1 advgb-dyn-7c74c908\"><a class=\"wp-block-button__link has-text-color has-medium-font-size has-custom-font-size wp-element-button\" href=\"https:\/\/www.orfix.com\/fr\/contact\/\" style=\"border-radius:1px;color:#ba0c2f\" target=\"_blank\" rel=\"noreferrer noopener\"><strong>Nous contacter<\/strong><\/a><\/div>\n\n\n\n<div class=\"wp-block-button btn__bg--red advgb-dyn-dacbcd5c\"><a class=\"wp-block-button__link has-white-color has-text-color has-background has-medium-font-size has-custom-font-size wp-element-button\" href=\"https:\/\/www.orfix.com\/fr\/domaines-dexcellence-produits\/\" style=\"border-radius:1px;background-color:#ba0c2f\" target=\"_blank\" rel=\"noreferrer noopener\"><strong>Produits<\/strong><\/a><\/div>\n\n\n\n<div class=\"wp-block-button btn__bg--red advgb-dyn-353d03d7\"><a class=\"wp-block-button__link has-white-color has-text-color has-background has-medium-font-size has-custom-font-size wp-element-button\" href=\"https:\/\/orfix.fr\/\" style=\"border-radius:1px;background-color:#ba0c2f\" target=\"_blank\" rel=\"noreferrer noopener\"><strong>Magasin en ligne<\/strong><\/a><\/div>\n<\/div>\n\n\n\n<div style=\"height:20px\" aria-hidden=\"true\" class=\"wp-block-spacer\"><\/div>\n","protected":false},"excerpt":{"rendered":"<p>Changement de propri\u00e9taire g\u00e9r\u00e9 avec succ\u00e8s.<\/p>\n<p><a class=\"btn btn-secondary understrap-read-more-link\" href=\"https:\/\/www.orfix.com\/fr\/nouvelles\/changement-de-proprietaire-chez-orfix-international-gmbh\/\">Lire la suite&#8230;<\/a><\/p>\n","protected":false},"author":35,"featured_media":18757,"comment_status":"closed","ping_status":"closed","sticky":false,"template":"","format":"standard","meta":{"_acf_changed":false,"om_disable_all_campaigns":false,"inline_featured_image":false,"advgb_blocks_editor_width":"","advgb_blocks_columns_visual_guide":"","_monsterinsights_skip_tracking":false,"_monsterinsights_sitenote_active":false,"_monsterinsights_sitenote_note":"","_monsterinsights_sitenote_category":0,"_uf_show_specific_survey":0,"_uf_disable_surveys":false,"footnotes":""},"categories":[53],"tags":[],"class_list":["post-18749","post","type-post","status-publish","format-standard","has-post-thumbnail","hentry","category-nouvelles"],"acf":[],"aioseo_notices":[],"author_meta":{"display_name":"Margot Jung","author_link":"https:\/\/www.orfix.com\/fr\/author\/jung-ode\/"},"featured_img":"https:\/\/www.orfix.com\/wp-content\/uploads\/2023\/12\/Geschaeftsfuehrung-News-_fr_1286-x457-Kopie.jpg","coauthors":[],"tax_additional":{"categories":{"linked":["<a href=\"https:\/\/www.orfix.com\/fr\/category\/nouvelles\/\" class=\"advgb-post-tax-term\">Nouvelles<\/a>"],"unlinked":["<span class=\"advgb-post-tax-term\">Nouvelles<\/span>"]}},"comment_count":0,"relative_dates":{"created":"Publi\u00e9 2 ans il y a","modified":"Mis \u00e0 jour 2 ans il y a"},"absolute_dates":{"created":"Publi\u00e9 le 6. d\u00e9cembre 2023","modified":"Mise \u00e0 jour le 7. d\u00e9cembre 2023"},"absolute_dates_time":{"created":"Publi\u00e9 le 6. d\u00e9cembre 2023 12:58","modified":"Mise \u00e0 jour le 7. d\u00e9cembre 2023 11:03"},"featured_img_caption":"","series_order":"","_links":{"self":[{"href":"https:\/\/www.orfix.com\/fr\/wp-json\/wp\/v2\/posts\/18749","targetHints":{"allow":["GET"]}}],"collection":[{"href":"https:\/\/www.orfix.com\/fr\/wp-json\/wp\/v2\/posts"}],"about":[{"href":"https:\/\/www.orfix.com\/fr\/wp-json\/wp\/v2\/types\/post"}],"author":[{"embeddable":true,"href":"https:\/\/www.orfix.com\/fr\/wp-json\/wp\/v2\/users\/35"}],"replies":[{"embeddable":true,"href":"https:\/\/www.orfix.com\/fr\/wp-json\/wp\/v2\/comments?post=18749"}],"version-history":[{"count":3,"href":"https:\/\/www.orfix.com\/fr\/wp-json\/wp\/v2\/posts\/18749\/revisions"}],"predecessor-version":[{"id":18786,"href":"https:\/\/www.orfix.com\/fr\/wp-json\/wp\/v2\/posts\/18749\/revisions\/18786"}],"wp:featuredmedia":[{"embeddable":true,"href":"https:\/\/www.orfix.com\/fr\/wp-json\/wp\/v2\/media\/18757"}],"wp:attachment":[{"href":"https:\/\/www.orfix.com\/fr\/wp-json\/wp\/v2\/media?parent=18749"}],"wp:term":[{"taxonomy":"category","embeddable":true,"href":"https:\/\/www.orfix.com\/fr\/wp-json\/wp\/v2\/categories?post=18749"},{"taxonomy":"post_tag","embeddable":true,"href":"https:\/\/www.orfix.com\/fr\/wp-json\/wp\/v2\/tags?post=18749"}],"curies":[{"name":"wp","href":"https:\/\/api.w.org\/{rel}","templated":true}]}}